{"id":3627,"date":"2026-04-19T21:07:20","date_gmt":"2026-04-19T21:07:20","guid":{"rendered":"https:\/\/daunafloguez.fr\/?p=3627"},"modified":"2026-04-19T21:33:57","modified_gmt":"2026-04-19T21:33:57","slug":"patrimoine-au-commencement-le-camp-de-septfonds","status":"publish","type":"post","link":"https:\/\/daunafloguez.fr\/?p=3627","title":{"rendered":"Patrimoine &#8211; Au commencement le camp de Septfonds"},"content":{"rendered":"\n<p><strong>M\u00e9morial du Camp de Judes \u00e0 Septfonds : Au commencement du camp<\/strong><br><br>Soulignons que La Mouni\u00e8re est un espace d\u00e9di\u00e9 aux m\u00e9moires du XX\u00e8me si\u00e8cle \u00e0 Septfonds (Tarn-et-Garonne). Une information historique mensuelle est propos\u00e9e sur l\u2019une de ses trois th\u00e9matiques m\u00e9morielles suivantes :<\/p>\n\n\n\n<p><br>&#8211; Le Camp de Judes<br>&#8211; L&#8217;aviateur Dieudonn\u00e9 Costes<br>&#8211; L&#8217;industrie de la Paille<br><br>Il est important de replacer ce r\u00e9cit dans son contexte, celui de l\u2019arriv\u00e9e en mars 1939 de 2 500 immigr\u00e9s espagnols, tous des hommes, dans le village de Septfonds, qui comptait alors seulement 1 600 habitants (hommes, femmes et enfants). Aucune pr\u00e9paration n\u2019avait \u00e9t\u00e9 faite pour les accueillir. La d\u00e9cision d\u2019installer ces personnes, afin de d\u00e9sengorger les camps situ\u00e9s \u00e0 la fronti\u00e8re espagnole, avait \u00e9t\u00e9 impos\u00e9e aux pr\u00e9fets des diff\u00e9rents d\u00e9partements. Ces derniers, dans l\u2019urgence, durent trouver des lieux d\u2019h\u00e9bergement. Par ailleurs, l\u2019industrie locale de la paille, en qu\u00eate de main-d\u2019\u0153uvre \u00e0 faible co\u00fbt, a pu compter sur ces nouveaux arrivants pour soutenir son d\u00e9veloppement dans cette partie du d\u00e9partement.<br><br>Le camp, initialement install\u00e9 sur un pr\u00e9 \u00e0 proximit\u00e9 de l\u2019\u00e9glise de Lalande, a rapidement \u00e9t\u00e9 d\u00e9plac\u00e9 \u00e0 quelques centaines de m\u00e8tres de l\u00e0. Con\u00e7u pour accueillir 2 500 hommes, il s\u2019est rapidement agrandi pour en contenir jusqu\u2019\u00e0 16 000, log\u00e9s \u00e0 m\u00eame le sol dans des baraques en bois. Construites par les Espagnols eux-m\u00eames, ces baraques mesuraient 45 m\u00e8tres de long sur 7 m\u00e8tres de large et abritaient chacune plus de 350 personnes. La promiscuit\u00e9 y \u00e9tait insupportable. Le seul point d\u2019eau disponible \u00e9tait un ruisseau \u00e0 proximit\u00e9, tandis que les latrines en bois, sur\u00e9lev\u00e9es, permettaient une gestion sommaire des d\u00e9jections. Les cuisines, install\u00e9es tardivement, laissaient la pr\u00e9paration des repas quotidiens \u00e0 la charge des intern\u00e9s. Priv\u00e9s de libert\u00e9 et surveill\u00e9s par une brigade de 1 000 soldats, les Espagnols subissaient l\u2019ennui du camp, o\u00f9 chaque sortie repr\u00e9sentait une \u00e9chappatoire bienvenue.<br><br>Des artistes espagnols, intern\u00e9s \u00e0 Septfonds, ont laiss\u00e9 des traces durables de leur passage, notamment \u00e0 travers des peintures toujours visibles dans les b\u00e2timents publics de la commune. Leurs \u0153uvres t\u00e9moignent de la richesse culturelle et artistique pr\u00e9sente malgr\u00e9 les conditions difficiles du camp. Parmi les peintres ayant s\u00e9journ\u00e9 au camp de Septfonds, on retrouve notamment :<\/p>\n\n\n\n<ul class=\"wp-block-list\">\n<li><strong>Josep Ponti Must\u00e9<\/strong>&nbsp;et&nbsp;<strong>Salvador Soria Zapater<\/strong>, qui ont r\u00e9alis\u00e9 des \u0153uvres pour la mairie de Septfondsbooks.<\/li>\n\n\n\n<li><strong>Bonaventura Trepat<\/strong>&nbsp;et&nbsp;<strong>Josep Marti<\/strong>&nbsp;(peintre et doreur), qui ont travaill\u00e9 dans l\u2019\u00e9glise du village, notamment sur le chemin de croix toujours visible dans la nef.<\/li>\n\n\n\n<li><strong>Luis Garc\u00eda Gallo<\/strong>&nbsp;(dessinateur) et&nbsp;<strong>Mariano Marcos<\/strong>&nbsp;(architecte), qui ont \u00e9galement marqu\u00e9 la vie artistique de cette p\u00e9riode.<\/li>\n<\/ul>\n\n\n\n<p>Le camp a fonctionn\u00e9 jusqu&#8217;en 1946 comme un centre d\u2019h\u00e9bergement pour \u00e9trangers consid\u00e9r\u00e9s comme \u00ab ind\u00e9sirables \u00bb par le gouvernement fran\u00e7ais. Les conditions de vie y \u00e9taient tr\u00e8s pr\u00e9caires. Au fil du temps, le camp a accueilli des officiers polonais, des communistes arr\u00eat\u00e9s en 1941, puis des Juifs, notamment dans le cadre du 302e Groupe de travailleurs \u00e9trangers \u00ab palestinien \u00bb.<\/p>\n\n\n\n<p>L\u2019association \u00ab Amicale du camp de concentration de Septfonds et autres sites de la m\u00e9moire de l\u2019Espagne r\u00e9publicaine \u00bb \u0153uvre pour conserver et transmettre la m\u00e9moire de la Retirada et des camps, notamment \u00e0 travers des plaques, st\u00e8les et panneaux.&nbsp;Pour approfondir, vous pouvez visiter le M\u00e9morial ou consulter des ouvrages comme \u00ab Septfonds, 1939-1944. Dans l\u2019archipel des camps fran\u00e7ais \u00bb de Genevi\u00e8ve Dreyfus-Armand<br><br>Pour perp\u00e9tuer le devoir de m\u00e9moire, La Mouni\u00e8re invite les enfants, petits-enfants ou toute personne disposant d\u2019informations, de croquis, d\u2019\u00e9crits, de t\u00e9moignages, de lettres, d\u2019\u0153uvres ou d\u2019autres documents relatifs \u00e0 cette p\u00e9riode \u00e0 les contacter afin de contribuer \u00e0 pr\u00e9server et \u00e0 transmettre cette m\u00e9moire collective.<br><br>Cette visite passionnante de deux heures, fut un&nbsp;moment pr\u00e9cieux de transmission historique. Il est renouvel\u00e9 chaque mois avec des th\u00e8mes vari\u00e9s. Si l\u2019histoire locale vous passionne ou si vous passez par notre Quercy, il est essentiel de s\u2019impr\u00e9gner et de s\u2019informer pour saisir ce que les hommes peuvent accomplir de plus beau comme de plus terrible sur un m\u00eame territoire.<\/p>\n\n\n\n<p>La peinture pr\u00e9sent\u00e9e, peinte par Ponti, id\u00e9alise et illustre l&#8217;arriv\u00e9e au camp des hommes. On voit&nbsp;des soldats riants, des Espagnols de toutes conditions, une grand-m\u00e8re nourrici\u00e8re, une femme exultante, une famille spectatrice&nbsp;et une femme se cachant derri\u00e8re un arbre, a-t-elle peur ou honte ?&nbsp;Cette toile est le reflet de l\u2019exp\u00e9rience v\u00e9cue : chaque habitant avait d\u00e9sormais \u00e0 cohabiter avec ce camp et partager cet espace, quelles que soient ses id\u00e9es, sa classe sociale ou ses convictions politiques.<br><br>Merci Carole.<br>Guide Conf\u00e9renci\u00e8re &#8211; La Mouni\u00e8re<\/p>\n\n\n\n<p>2026-04-19 DF<\/p>\n\n\n\n<div class=\"wp-block-cover aligncenter\"><img fetchpriority=\"high\" decoding=\"async\" width=\"1024\" height=\"768\" class=\"wp-block-cover__image-background wp-image-3628\" alt=\"\" src=\"https:\/\/daunafloguez.fr\/wp-content\/uploads\/2026\/04\/2026-04-19-la-mouniere-le-camp-de-jude-1024x768.jpeg\" data-object-fit=\"cover\" srcset=\"https:\/\/daunafloguez.fr\/wp-content\/uploads\/2026\/04\/2026-04-19-la-mouniere-le-camp-de-jude-1024x768.jpeg 1024w, https:\/\/daunafloguez.fr\/wp-content\/uploads\/2026\/04\/2026-04-19-la-mouniere-le-camp-de-jude-300x225.jpeg 300w, https:\/\/daunafloguez.fr\/wp-content\/uploads\/2026\/04\/2026-04-19-la-mouniere-le-camp-de-jude-768x576.jpeg 768w, https:\/\/daunafloguez.fr\/wp-content\/uploads\/2026\/04\/2026-04-19-la-mouniere-le-camp-de-jude-1536x1152.jpeg 1536w, https:\/\/daunafloguez.fr\/wp-content\/uploads\/2026\/04\/2026-04-19-la-mouniere-le-camp-de-jude.jpeg 2000w\" sizes=\"(max-width: 1024px) 100vw, 1024px\" \/><span aria-hidden=\"true\" class=\"wp-block-cover__background has-background-dim\"><\/span><div class=\"wp-block-cover__inner-container is-layout-flow wp-block-cover-is-layout-flow\">\n<p class=\"has-text-align-center has-large-font-size\">Artiste Peintre Ponti &#8211; Septembre 1939<\/p>\n<\/div><\/div>\n","protected":false},"excerpt":{"rendered":"<p>M\u00e9morial du Camp de Judes \u00e0 Septfonds : Au commencement du camp Soulignons que La Mouni\u00e8re est un espace d\u00e9di\u00e9 aux m\u00e9moires du XX\u00e8me si\u00e8cle \u00e0 Septfonds (Tarn-et-Garonne). Une information historique mensuelle est propos\u00e9e sur l\u2019une de ses trois th\u00e9matiques m\u00e9morielles suivantes : &#8211; Le Camp de Judes&#8211; L&#8217;aviateur Dieudonn\u00e9 Costes&#8211; L&#8217;industrie de la Paille<\/p>\n<div class=\"more-link\">\n\t\t\t\t <a href=\"https:\/\/daunafloguez.fr\/?p=3627\" class=\"link-btn theme-btn\"><span>Read More <\/span> <i class=\"fa fa-caret-right\"><\/i><\/a>\n\t\t\t<\/div>\n","protected":false},"author":1,"featured_media":0,"comment_status":"open","ping_status":"open","sticky":false,"template":"","format":"standard","meta":{"iawp_total_views":7,"footnotes":""},"categories":[7],"tags":[],"class_list":["post-3627","post","type-post","status-publish","format-standard","hentry","category-histoires-contes-et-legendes"],"_links":{"self":[{"href":"https:\/\/daunafloguez.fr\/index.php?rest_route=\/wp\/v2\/posts\/3627","targetHints":{"allow":["GET"]}}],"collection":[{"href":"https:\/\/daunafloguez.fr\/index.php?rest_route=\/wp\/v2\/posts"}],"about":[{"href":"https:\/\/daunafloguez.fr\/index.php?rest_route=\/wp\/v2\/types\/post"}],"author":[{"embeddable":true,"href":"https:\/\/daunafloguez.fr\/index.php?rest_route=\/wp\/v2\/users\/1"}],"replies":[{"embeddable":true,"href":"https:\/\/daunafloguez.fr\/index.php?rest_route=%2Fwp%2Fv2%2Fcomments&post=3627"}],"version-history":[{"count":4,"href":"https:\/\/daunafloguez.fr\/index.php?rest_route=\/wp\/v2\/posts\/3627\/revisions"}],"predecessor-version":[{"id":3633,"href":"https:\/\/daunafloguez.fr\/index.php?rest_route=\/wp\/v2\/posts\/3627\/revisions\/3633"}],"wp:attachment":[{"href":"https:\/\/daunafloguez.fr\/index.php?rest_route=%2Fwp%2Fv2%2Fmedia&parent=3627"}],"wp:term":[{"taxonomy":"category","embeddable":true,"href":"https:\/\/daunafloguez.fr\/index.php?rest_route=%2Fwp%2Fv2%2Fcategories&post=3627"},{"taxonomy":"post_tag","embeddable":true,"href":"https:\/\/daunafloguez.fr\/index.php?rest_route=%2Fwp%2Fv2%2Ftags&post=3627"}],"curies":[{"name":"wp","href":"https:\/\/api.w.org\/{rel}","templated":true}]}}